{"id":7583,"date":"2019-09-01T16:43:19","date_gmt":"2019-09-01T14:43:19","guid":{"rendered":"http:\/\/laufgruppe-lvb.bplaced.net\/wordpress\/?p=7583"},"modified":"2019-09-04T21:18:45","modified_gmt":"2019-09-04T19:18:45","slug":"cospudener-seelauf","status":"publish","type":"post","link":"https:\/\/laufgruppe-lvb.bplaced.net\/wordpress\/cospudener-seelauf\/","title":{"rendered":"Cospudener Seelauf"},"content":{"rendered":"\n<p>am 28-08.2019 mit fast 400 Aktiven fand der Lauf dieses Jahr statt.<\/p>\n\n\n\n<p> Am fr\u00fchen Nachmittag regnete es etwas.. Trotz dem versuchten ca. 200  Aktive den See einmal und 80 Aktive den See zweimal so schnell wie nur  m\u00f6glich zu umrunden. Nach ca. 5km wurde auch mit einer  Wasser-Trink-Stelle an die sehr hohen Temperuturen und den erh\u00f6ten  Trinkbedarf der Aktiven gedacht. Der Startschu\u00df zun gemeinsamen Start wurde dieses Jahr erfolgreich vom Markkleeberger B\u00fcrgermeister &#8222;gez\u00fcndet&#8220;.<\/p>\n\n\n\n<p>Der Lauf lief reibungslos ohne Ausf\u00e4lle oder Verletzte. Die Siegerehrungen f\u00fcr 10 und 20 km wurden z\u00fcgig durchgef\u00fchrt. Gegen 23.30 Uhr waren alle Ergebnisse &#8222;im Netz&#8220;. Dank unseres Wolfgang Wittig !<\/p>\n\n\n\n<p>Wir sehen uns wieder zum Auewaldlauf am 16.11. 2019 auf dem Sportplatz NEUE LINIE.<\/p>\n","protected":false},"excerpt":{"rendered":"<p>am 28-08.2019 mit fast 400 Aktiven fand der Lauf dieses Jahr statt. Am fr\u00fchen Nachmittag regnete es etwas.. Trotz dem versuchten ca. 200 Aktive den See einmal und 80 Aktive den See zweimal so schnell wie nur m\u00f6glich zu umrunden. Nach ca. 5km wurde auch mit einer Wasser-Trink-Stelle an die sehr hohen Temperuturen und den erh\u00f6ten Trinkbedarf der Aktiven gedacht. Der Startschu\u00df zun gemeinsamen Start wurde dieses Jahr erfolgreich vom Markkleeberger B\u00fcrgermeister &#8222;gez\u00fcndet&#8220;. Der Lauf lief reibungslos ohne Ausf\u00e4lle oder Verletzte. Die Siegerehrungen f\u00fcr 10 und 20 km wurden z\u00fcgig durchgef\u00fchrt. Gegen 23.30 Uhr waren alle Ergebnisse &#8222;im Netz&#8220;. Dank unseres Wolfgang Wittig ! Wir sehen uns wieder zum Auewaldlauf am 16.11. 2019 auf dem Sportplatz NEUE LINIE.<\/p>\n","protected":false},"author":16,"featured_media":7582,"comment_status":"open","ping_status":"open","sticky":false,"template":"","format":"standard","meta":{"_bbp_topic_count":0,"_bbp_reply_count":0,"_bbp_total_topic_count":0,"_bbp_total_reply_count":0,"_bbp_voice_count":0,"_bbp_anonymous_reply_count":0,"_bbp_topic_count_hidden":0,"_bbp_reply_count_hidden":0,"_bbp_forum_subforum_count":0,"footnotes":""},"categories":[93,105],"tags":[],"class_list":["post-7583","post","type-post","status-publish","format-standard","has-post-thumbnail","hentry","category-allgemeines","category-laufveranstaltungen"],"_links":{"self":[{"href":"https:\/\/laufgruppe-lvb.bplaced.net\/wordpress\/wp-json\/wp\/v2\/posts\/7583","targetHints":{"allow":["GET"]}}],"collection":[{"href":"https:\/\/laufgruppe-lvb.bplaced.net\/wordpress\/wp-json\/wp\/v2\/posts"}],"about":[{"href":"https:\/\/laufgruppe-lvb.bplaced.net\/wordpress\/wp-json\/wp\/v2\/types\/post"}],"author":[{"embeddable":true,"href":"https:\/\/laufgruppe-lvb.bplaced.net\/wordpress\/wp-json\/wp\/v2\/users\/16"}],"replies":[{"embeddable":true,"href":"https:\/\/laufgruppe-lvb.bplaced.net\/wordpress\/wp-json\/wp\/v2\/comments?post=7583"}],"version-history":[{"count":0,"href":"https:\/\/laufgruppe-lvb.bplaced.net\/wordpress\/wp-json\/wp\/v2\/posts\/7583\/revisions"}],"wp:featuredmedia":[{"embeddable":true,"href":"https:\/\/laufgruppe-lvb.bplaced.net\/wordpress\/wp-json\/wp\/v2\/media\/7582"}],"wp:attachment":[{"href":"https:\/\/laufgruppe-lvb.bplaced.net\/wordpress\/wp-json\/wp\/v2\/media?parent=7583"}],"wp:term":[{"taxonomy":"category","embeddable":true,"href":"https:\/\/laufgruppe-lvb.bplaced.net\/wordpress\/wp-json\/wp\/v2\/categories?post=7583"},{"taxonomy":"post_tag","embeddable":true,"href":"https:\/\/laufgruppe-lvb.bplaced.net\/wordpress\/wp-json\/wp\/v2\/tags?post=7583"}],"curies":[{"name":"wp","href":"https:\/\/api.w.org\/{rel}","templated":true}]}}