{"id":7424,"date":"2019-02-12T23:32:09","date_gmt":"2019-02-12T22:32:09","guid":{"rendered":"http:\/\/laufgruppe-lvb.bplaced.net\/wordpress\/?p=7424"},"modified":"2019-02-12T23:48:04","modified_gmt":"2019-02-12T22:48:04","slug":"rund-um-halle-2019","status":"publish","type":"post","link":"https:\/\/laufgruppe-lvb.bplaced.net\/wordpress\/rund-um-halle-2019\/","title":{"rendered":"Rund um Halle 2019"},"content":{"rendered":"\n<h2 class=\"wp-block-heading\"><strong>Schnelll\u00e4ufer Uwe<\/strong><\/h2>\n\n\n\n<p>Schon seit Tagen k\u00fcndigte MDR-Wetterfee Michaela Koschak den Schnelll\u00e4ufer Uwe f\u00fcr Sonntag an, ein mit hoher Geschwindigkeit sich n\u00e4herndes Tiefdruckgebiet mit viel Regen im Gep\u00e4ck. Ich am\u00fcsierte mich dar\u00fcber, dass uns am Sonntag zu \u201eRund um Halle\u201c neben unserm Uwe noch ein zweiter Schnelll\u00e4ufer mit demselben Namen begleiten sollte. Dieser sollte Sturm und stellenweise Starkregen und einzelne Gewitter bringen. Innerlich vollzog ich die bekannte Scheibenwischerbewegung, nicht wegen des Regens sondern weil ich mir die Frage stellte, ob es nichts Besseres g\u00e4be als sich unter diesen Bedingungen gesch\u00e4tzte sechs Stunden laufend um die Saalestadt zu bewegen? Ganz klar: Gab es nicht! Au\u00dferdem hatten sich zwischenzeitlich neun L\u00e4ufer und ein Radfahrer f\u00fcr die Runde angemeldet, das Verpflegungsteam stand in den Startl\u00f6chern, und alle waren hochmotiviert. Also Augen zu und durch. Auch zwei krankheitsbedingte Absagen, die wirklich glaubhaft und nicht nur billige Ausreden waren, konnten uns nicht bremsen.<\/p>\n\n\n\n<figure class=\"wp-block-image\"><img decoding=\"async\" width=\"1024\" height=\"768\" data-src=\"http:\/\/laufgruppe-lvb.bplaced.net\/wordpress\/wp-content\/uploads\/2019\/02\/001_Vorstart_klein-1-1024x768.jpg\" alt=\"\" class=\"wp-image-7430 lazyload\" data-srcset=\"https:\/\/laufgruppe-lvb.bplaced.net\/wordpress\/wp-content\/uploads\/2019\/02\/001_Vorstart_klein-1-1024x768.jpg 1024w, https:\/\/laufgruppe-lvb.bplaced.net\/wordpress\/wp-content\/uploads\/2019\/02\/001_Vorstart_klein-1-300x225.jpg 300w, https:\/\/laufgruppe-lvb.bplaced.net\/wordpress\/wp-content\/uploads\/2019\/02\/001_Vorstart_klein-1-768x576.jpg 768w, https:\/\/laufgruppe-lvb.bplaced.net\/wordpress\/wp-content\/uploads\/2019\/02\/001_Vorstart_klein-1-45x35.jpg 45w, https:\/\/laufgruppe-lvb.bplaced.net\/wordpress\/wp-content\/uploads\/2019\/02\/001_Vorstart_klein-1.jpg 2000w\" data-sizes=\"(max-width: 1024px) 100vw, 1024px\" src=\"data:image\/svg+xml;base64,PHN2ZyB3aWR0aD0iMSIgaGVpZ2h0PSIxIiB4bWxucz0iaHR0cDovL3d3dy53My5vcmcvMjAwMC9zdmciPjwvc3ZnPg==\" style=\"--smush-placeholder-width: 1024px; --smush-placeholder-aspect-ratio: 1024\/768;\" \/><figcaption> Startvorbereitungen an traditionsreicher St\u00e4tte <\/figcaption><\/figure>\n\n\n\n<p>Mittlerweile hat sich ja alles eingespielt, die Gesichter der Starter sind fast jedes Jahr die gleichen, das Prozedere reine Routine. Man trudelt kurz vor 8:30 Uhr in M\u00f6tzlich mit dem Auto ein, trifft kurze Vorbereitungen und los geht es, nicht anders als wenn man zum Gottesdienst gehen w\u00fcrde. Die Kirche befindet sich ja gleich neben unserm Startpunkt, und Sonntag ist es auch. Allein alles was jetzt folgte, hatte nichts mit einem Kirchgang zu tun. Uwes Bemerkung was es zu bedeuten h\u00e4tte, dass ich mein Auto in M\u00f6tzlich parken w\u00fcrde, \u00fcberging ich ohne Kommentar. Zur Erkl\u00e4rung: Letztes Jahr bin ich zu J\u00fcrgen gefahren und mit ihm bei km 13 am ersten Verpflegungspunkt gestartet.<\/p>\n\n\n\n<figure class=\"wp-block-image\"><img decoding=\"async\" width=\"1024\" height=\"768\" data-src=\"http:\/\/laufgruppe-lvb.bplaced.net\/wordpress\/wp-content\/uploads\/2019\/02\/002_Startbild_klein-1-1024x768.jpg\" alt=\"\" class=\"wp-image-7431 lazyload\" data-srcset=\"https:\/\/laufgruppe-lvb.bplaced.net\/wordpress\/wp-content\/uploads\/2019\/02\/002_Startbild_klein-1-1024x768.jpg 1024w, https:\/\/laufgruppe-lvb.bplaced.net\/wordpress\/wp-content\/uploads\/2019\/02\/002_Startbild_klein-1-300x225.jpg 300w, https:\/\/laufgruppe-lvb.bplaced.net\/wordpress\/wp-content\/uploads\/2019\/02\/002_Startbild_klein-1-768x576.jpg 768w, https:\/\/laufgruppe-lvb.bplaced.net\/wordpress\/wp-content\/uploads\/2019\/02\/002_Startbild_klein-1-45x35.jpg 45w, https:\/\/laufgruppe-lvb.bplaced.net\/wordpress\/wp-content\/uploads\/2019\/02\/002_Startbild_klein-1.jpg 1500w\" data-sizes=\"(max-width: 1024px) 100vw, 1024px\" src=\"data:image\/svg+xml;base64,PHN2ZyB3aWR0aD0iMSIgaGVpZ2h0PSIxIiB4bWxucz0iaHR0cDovL3d3dy53My5vcmcvMjAwMC9zdmciPjwvc3ZnPg==\" style=\"--smush-placeholder-width: 1024px; --smush-placeholder-aspect-ratio: 1024\/768;\" \/><figcaption> Torsten, Marcus, Franzi, Jonny, Dieter, Uwe am Start in M\u00f6tzlich <br \/>Es war windig und nieselig <\/figcaption><\/figure>\n\n\n\n<p> <\/p>\n\n\n\n<p>Nachdem ich vor\ndrei Jahren selbst mal mit dem Fahrrad dabei war \u2013 und unterwegs zwei\nReifenpannen hatte \u2013 war diesmal Wolfgang unser Radbegleiter. Er kennt diesen\nJob mittlerweile aus dem Effeff, war schon bei diversen L\u00e4ufen wie \u201eRund um\nLeipzig\u201c und dem Soljankalauf mit dem Radl dabei. Wir hatten ihn vorgewarnt,\ndass der Kurs zum Radfahren eher ungeeignet w\u00e4re, aber davon l\u00e4sst sich ein\ngelernter Mathematikprofessor nicht abschrecken. Letztendlich war auch etwas\nGl\u00fcck dabei, dass die Strecke viel besser abgetrocknet war als gedacht.<\/p>\n\n\n\n<p style=\"text-align:center\"><br \/><\/p>\n\n\n\n<p>Absolut p\u00fcnktlich\nging das kleine Feld auf die Strecke. Es kam weniger Regen vom Himmel als\nerwartet. Die D\u00f6rfer am Stadtrand von Halle sind um diese Zeit wie\nausgestorben. Umso \u00fcberraschender bekamen wir f\u00fcr einen &#8211; wirklich sehr kurzen &#8211;\nAbschnitt weibliche Laufbegleitung. Carmen aus Seeben (nicht aus Sevilla) kam\nuns mit ihrem winzigen H\u00fcndchen entgegen und entschied sich kurzerhand, uns ein\nSt\u00fcck zu begleiten. Sie lief genau mein Tempo und so kamen wir ins Gespr\u00e4ch.\nIch musste nur aufpassen, dass ich nicht auf ihren Pfiffi treten w\u00fcrde. Dieser\nkreuzte st\u00e4ndig meine Bahn und wusste gar nicht, dass er sich damit in\nLebensgefahr begab. Nach reichlich 500 m wollte Carmen schon wieder umkehren.\nPuh lohnte sich da \u00fcberhaupt das Anziehen der Laufklamotten? Wir einigten uns\ndarauf, dass es besser ist, kurze Strecken zu laufen als gar nicht zu laufen.<\/p>\n\n\n\n<figure class=\"wp-block-image\"><img decoding=\"async\" width=\"1024\" height=\"817\" data-src=\"http:\/\/laufgruppe-lvb.bplaced.net\/wordpress\/wp-content\/uploads\/2019\/02\/006_km5_Dieter_Carmen_Ausschnitt_klein-1024x817.jpg\" alt=\"\" class=\"wp-image-7434 lazyload\" data-srcset=\"https:\/\/laufgruppe-lvb.bplaced.net\/wordpress\/wp-content\/uploads\/2019\/02\/006_km5_Dieter_Carmen_Ausschnitt_klein-1024x817.jpg 1024w, https:\/\/laufgruppe-lvb.bplaced.net\/wordpress\/wp-content\/uploads\/2019\/02\/006_km5_Dieter_Carmen_Ausschnitt_klein-300x239.jpg 300w, https:\/\/laufgruppe-lvb.bplaced.net\/wordpress\/wp-content\/uploads\/2019\/02\/006_km5_Dieter_Carmen_Ausschnitt_klein-768x613.jpg 768w, https:\/\/laufgruppe-lvb.bplaced.net\/wordpress\/wp-content\/uploads\/2019\/02\/006_km5_Dieter_Carmen_Ausschnitt_klein-45x35.jpg 45w, https:\/\/laufgruppe-lvb.bplaced.net\/wordpress\/wp-content\/uploads\/2019\/02\/006_km5_Dieter_Carmen_Ausschnitt_klein.jpg 1500w\" data-sizes=\"(max-width: 1024px) 100vw, 1024px\" src=\"data:image\/svg+xml;base64,PHN2ZyB3aWR0aD0iMSIgaGVpZ2h0PSIxIiB4bWxucz0iaHR0cDovL3d3dy53My5vcmcvMjAwMC9zdmciPjwvc3ZnPg==\" style=\"--smush-placeholder-width: 1024px; --smush-placeholder-aspect-ratio: 1024\/817;\" \/><figcaption> Bei km 5 war der Schritt noch locker und dann noch diese Begleitung <\/figcaption><\/figure>\n\n\n\n<p>Durch die\nFranzigmark ging es hinunter an die Saale und dort entlang der Brachwitzer\nAlpen zur F\u00e4hre Brachwitz. Auf der F\u00e4hre gab es musikalische Begleitung.\nWolfgang holte seine Mundharmonika heraus und brachte damit etwas Licht in den\ngrauen Morgen. Dr\u00fcben auf der andern Seite der Saale warteten schon Sybille und\nJ\u00fcrgen mit einem Kofferraum voll Verpflegung.<\/p>\n\n\n\n<figure class=\"wp-block-image\"><img decoding=\"async\" width=\"1000\" height=\"750\" data-src=\"http:\/\/laufgruppe-lvb.bplaced.net\/wordpress\/wp-content\/uploads\/2019\/02\/013_F\u00e4hre_mit_Musik_klein.jpg\" alt=\"\" class=\"wp-image-7437 lazyload\" data-srcset=\"https:\/\/laufgruppe-lvb.bplaced.net\/wordpress\/wp-content\/uploads\/2019\/02\/013_F\u00e4hre_mit_Musik_klein.jpg 1000w, https:\/\/laufgruppe-lvb.bplaced.net\/wordpress\/wp-content\/uploads\/2019\/02\/013_F\u00e4hre_mit_Musik_klein-300x225.jpg 300w, https:\/\/laufgruppe-lvb.bplaced.net\/wordpress\/wp-content\/uploads\/2019\/02\/013_F\u00e4hre_mit_Musik_klein-768x576.jpg 768w, https:\/\/laufgruppe-lvb.bplaced.net\/wordpress\/wp-content\/uploads\/2019\/02\/013_F\u00e4hre_mit_Musik_klein-45x35.jpg 45w\" data-sizes=\"(max-width: 1000px) 100vw, 1000px\" src=\"data:image\/svg+xml;base64,PHN2ZyB3aWR0aD0iMSIgaGVpZ2h0PSIxIiB4bWxucz0iaHR0cDovL3d3dy53My5vcmcvMjAwMC9zdmciPjwvc3ZnPg==\" style=\"--smush-placeholder-width: 1000px; --smush-placeholder-aspect-ratio: 1000\/750;\" \/><figcaption>  Allj\u00e4hrliches Wiedersehen auf der F\u00e4hre in Brachwitz (ca. 12 km)<br \/> Die sechs Vollumrunder des Jahres 2019, Wolfgang mit Mundi <\/figcaption><\/figure>\n\n\n\n<p>Die steile Rampe von der Saale hinauf auf die Hochfl\u00e4che ist immer wieder eine Herausforderung (gesch\u00e4tzte 20% Steigung). Das gr\u00f6\u00dfte Problem hatte hier aber Wolfgang. Weder seine Kraft noch seine Gangschaltung gaben es her, hier hochzufahren. Also Schiebemodus. Noch vor D\u00f6lau fanden wir uns wieder zusammen. Von nun an fuhr ich den Besenwagen. Zus\u00e4tzlich blies Uwe \u2013 das Sturmtief \u2013 heftig von vorn. Eigentlich hatte ich den Plan, 20 km sp\u00e4ter bei Laufrichtung nach Norden noch in den Genuss des R\u00fcckenwindes zu kommen. Aber das war jetzt wirklich verwegen, daran zu denken. Mein l\u00e4ngster Lauf in diesem Jahr waren 17 km. Gr\u00f6\u00dfenwahn ist die Krankheit der Zwerge. Ich f\u00fchlte mich wie ein Laufzwerg bei dem Gedanken an 50 km. Fu\u00dfballer denken ja immer von Spiel zu Spiel. Ich dachte heute von Verpflegungspunkt zu Verpflegungspunkt. Bis zum n\u00e4chsten waren es noch 10 km. Durch die D\u00f6lauer Heide lief ich ohne Blickkontakt nach vorn auf dem Bergmannsteig zum Aussichtspunkt Granauer Berg. War ein ziemlich einsames Rennen. Aber so konnte ich mich auf das Wesentliche konzentrieren, das heute darin bestand, mein eigenes Tempo zu laufen, um \u00fcberhaupt eine Minimalchance auf die volle Umrundung zu haben.\nIn Angersdorf wurde ich schon erwartet, und es war nett von den Cracks, \ndass sie mir noch ein paar Muffins \u00fcbrig gelassen hatten. Inge hatte \nwieder Kuchen gebacken. Das l\u00e4sst sie sich nicht nehmen. Das Engagement \nunserer Helfer gerade bei diesen \u00e4u\u00dferen Bedingungen kann man nur loben.\n \n\n<\/p>\n\n\n\n<figure class=\"wp-block-image\"><img decoding=\"async\" width=\"1024\" height=\"576\" data-src=\"http:\/\/laufgruppe-lvb.bplaced.net\/wordpress\/wp-content\/uploads\/2019\/02\/024_VP2-1024x576.jpg\" alt=\"\" class=\"wp-image-7439 lazyload\" data-srcset=\"https:\/\/laufgruppe-lvb.bplaced.net\/wordpress\/wp-content\/uploads\/2019\/02\/024_VP2-1024x576.jpg 1024w, https:\/\/laufgruppe-lvb.bplaced.net\/wordpress\/wp-content\/uploads\/2019\/02\/024_VP2-300x169.jpg 300w, https:\/\/laufgruppe-lvb.bplaced.net\/wordpress\/wp-content\/uploads\/2019\/02\/024_VP2-768x432.jpg 768w, https:\/\/laufgruppe-lvb.bplaced.net\/wordpress\/wp-content\/uploads\/2019\/02\/024_VP2.jpg 1600w\" data-sizes=\"(max-width: 1024px) 100vw, 1024px\" src=\"data:image\/svg+xml;base64,PHN2ZyB3aWR0aD0iMSIgaGVpZ2h0PSIxIiB4bWxucz0iaHR0cDovL3d3dy53My5vcmcvMjAwMC9zdmciPjwvc3ZnPg==\" style=\"--smush-placeholder-width: 1024px; --smush-placeholder-aspect-ratio: 1024\/576;\" \/><figcaption> Das Team bei VP2 in Angersdorf nach 24 km <\/figcaption><\/figure>\n\n\n\n<p>Uns standen nun die\nkraftraubenden Kilometer durch die Saaleaue bevor. J\u00fcrgen hatte zwar am Vortag\ndie Strecke schon mal per Fahrrad erkundet und berichtet, dass er hinterher\nnicht mal das Fahrrad putzen musste. Trotzdem war es \u00fcberraschend, wie gut sich\ndie endlosen Wiesen belaufen lie\u00dfen. Das hatten wir schon ganz anders erlebt wie\n2011 als hier alles unter Wasser stand und wir au\u00dfen herum laufen mussten. <\/p>\n\n\n\n<figure class=\"wp-block-image\"><img decoding=\"async\" width=\"1000\" height=\"750\" data-src=\"http:\/\/laufgruppe-lvb.bplaced.net\/wordpress\/wp-content\/uploads\/2019\/02\/028_Holleben_Weiden_klein.jpg\" alt=\"\" class=\"wp-image-7441 lazyload\" data-srcset=\"https:\/\/laufgruppe-lvb.bplaced.net\/wordpress\/wp-content\/uploads\/2019\/02\/028_Holleben_Weiden_klein.jpg 1000w, https:\/\/laufgruppe-lvb.bplaced.net\/wordpress\/wp-content\/uploads\/2019\/02\/028_Holleben_Weiden_klein-300x225.jpg 300w, https:\/\/laufgruppe-lvb.bplaced.net\/wordpress\/wp-content\/uploads\/2019\/02\/028_Holleben_Weiden_klein-768x576.jpg 768w, https:\/\/laufgruppe-lvb.bplaced.net\/wordpress\/wp-content\/uploads\/2019\/02\/028_Holleben_Weiden_klein-45x35.jpg 45w\" data-sizes=\"(max-width: 1000px) 100vw, 1000px\" src=\"data:image\/svg+xml;base64,PHN2ZyB3aWR0aD0iMSIgaGVpZ2h0PSIxIiB4bWxucz0iaHR0cDovL3d3dy53My5vcmcvMjAwMC9zdmciPjwvc3ZnPg==\" style=\"--smush-placeholder-width: 1000px; --smush-placeholder-aspect-ratio: 1000\/750;\" \/><figcaption> Am Beginn der Saaleaue war der Boden wie fast immer sehr aufgeweicht <\/figcaption><\/figure>\n\n\n\n<p>Einigerma\u00dfen \u00fcberrascht waren wir auch an der R\u00f6pziger Br\u00fccke bei km 30, dass es hier keine Verpflegung gab. War eigentlich eingeplant. Wo war Inge? Kurz darauf kam sie angebraust. Waren wir doch tats\u00e4chlich schneller gelaufen als sie neuen Tee gekocht hatte. Trotz Verpflegung verabschiedete ich mich von den anderen. Der weiche Boden hatte viel Kraft gekostet, ich stand kurz vorm Wadenkrampf. Als Uwe dann den Spruch zitierte: \u201eEIN Ullrich kommt immer durch\u201c (Soll ich mal vor ein paar Jahren so gesagt haben), erwachte mein Kampfgeist. Und: Ich war heute der einzige Ullrich. Hatte keine Wahl. Bruder, Sohn und Neffen hatten mich im Stich gelassen.  Also weiter entlang der Wei\u00dfen Elster. Vorbei am Maya Mare. Das w\u00e4re  jetzt die richtige Entscheidung, hinein in den Wellnesstempel mit  Saunalandschaft. Oder doch nicht? Ich konnte wieder laufen. Also lieber  an der frischen Luft bleiben. Da ich den anderen gesagt hatte, sie  sollten nicht auf mich warten, ich w\u00fcrde mit der Stra\u00dfenbahn zum  Start-Ziel zur\u00fcckfahren, setzte ich einen kurzen Anruf an Uwe ab, um ihm  mitzuteilen, dass ich doch noch komme. Er war gerade bei km 37 am  vierten Verpflegungspunkt eingetroffen. Franzi, Marcus und Torsten waren  schon weg als ich eintraf. Das war aber so abgesprochen. Sie sollten  sich ja nicht erk\u00e4lten und waren heute wirklich unterfordert. <\/p>\n\n\n\n<figure class=\"wp-block-image\"><img decoding=\"async\" width=\"1024\" height=\"768\" data-src=\"http:\/\/laufgruppe-lvb.bplaced.net\/wordpress\/wp-content\/uploads\/2019\/02\/040_VP4_klein-1024x768.jpg\" alt=\"\" class=\"wp-image-7443 lazyload\" data-srcset=\"https:\/\/laufgruppe-lvb.bplaced.net\/wordpress\/wp-content\/uploads\/2019\/02\/040_VP4_klein-1024x768.jpg 1024w, https:\/\/laufgruppe-lvb.bplaced.net\/wordpress\/wp-content\/uploads\/2019\/02\/040_VP4_klein-300x225.jpg 300w, https:\/\/laufgruppe-lvb.bplaced.net\/wordpress\/wp-content\/uploads\/2019\/02\/040_VP4_klein-768x576.jpg 768w, https:\/\/laufgruppe-lvb.bplaced.net\/wordpress\/wp-content\/uploads\/2019\/02\/040_VP4_klein-45x35.jpg 45w, https:\/\/laufgruppe-lvb.bplaced.net\/wordpress\/wp-content\/uploads\/2019\/02\/040_VP4_klein.jpg 2000w\" data-sizes=\"(max-width: 1024px) 100vw, 1024px\" src=\"data:image\/svg+xml;base64,PHN2ZyB3aWR0aD0iMSIgaGVpZ2h0PSIxIiB4bWxucz0iaHR0cDovL3d3dy53My5vcmcvMjAwMC9zdmciPjwvc3ZnPg==\" style=\"--smush-placeholder-width: 1024px; --smush-placeholder-aspect-ratio: 1024\/768;\" \/><figcaption> Der Hallorenkugel-Verpflegungspunkt am Osendorfer See (km 37) <\/figcaption><\/figure>\n\n\n\n<p> Nach einer Tasse warmem Tee, einer Hallorenkugel und ein paar Keksen f\u00fchlte ich mich f\u00fcr die n\u00e4chste Etappe gewappnet. Jonny mit gro\u00dfem Trainingsr\u00fcckstand, Uwe der immer wei\u00df, dass das Gas rechts ist und Wolfgang als Radbegleiter nahmen mit mir die &#8211; nun ja &#8211; Hammeretappe in Angriff, die gef\u00fcrchtete Stra\u00dfe nach Reideburg ohne Fu\u00df- oder Radweg. Aber heute konnte man wenigstens den R\u00fcckenwind genie\u00dfen. Dazu gab\u2019s motivierende Spr\u00fcche wie: \u201eJetzt noch eine Montagstrainingsrunde mit Fockeberg\u201c, was so viel hei\u00dfen sollte wie \u201enur noch 13 km\u201c. Der Motivation h\u00e4tte es aber gar nicht bedurft. Ich wollte jetzt sowieso meine zehnte Halle-Umrundung vollenden.<\/p>\n\n\n\n<figure class=\"wp-block-image\"><img decoding=\"async\" width=\"1024\" height=\"768\" data-src=\"http:\/\/laufgruppe-lvb.bplaced.net\/wordpress\/wp-content\/uploads\/2019\/02\/046_VP5_klein-1024x768.jpg\" alt=\"\" class=\"wp-image-7445 lazyload\" data-srcset=\"https:\/\/laufgruppe-lvb.bplaced.net\/wordpress\/wp-content\/uploads\/2019\/02\/046_VP5_klein-1024x768.jpg 1024w, https:\/\/laufgruppe-lvb.bplaced.net\/wordpress\/wp-content\/uploads\/2019\/02\/046_VP5_klein-300x225.jpg 300w, https:\/\/laufgruppe-lvb.bplaced.net\/wordpress\/wp-content\/uploads\/2019\/02\/046_VP5_klein-768x576.jpg 768w, https:\/\/laufgruppe-lvb.bplaced.net\/wordpress\/wp-content\/uploads\/2019\/02\/046_VP5_klein-45x35.jpg 45w, https:\/\/laufgruppe-lvb.bplaced.net\/wordpress\/wp-content\/uploads\/2019\/02\/046_VP5_klein.jpg 2000w\" data-sizes=\"(max-width: 1024px) 100vw, 1024px\" src=\"data:image\/svg+xml;base64,PHN2ZyB3aWR0aD0iMSIgaGVpZ2h0PSIxIiB4bWxucz0iaHR0cDovL3d3dy53My5vcmcvMjAwMC9zdmciPjwvc3ZnPg==\" style=\"--smush-placeholder-width: 1024px; --smush-placeholder-aspect-ratio: 1024\/768;\" \/><figcaption> VP 5 bei km 45 in Reideburg <\/figcaption><\/figure>\n\n\n\n<p>Obwohl ich mich\nwieder zur\u00fcckfallen lassen musste, gab es nur noch ein Ziel. Das hie\u00df M\u00f6tzlich.\nWo der gew\u00f6hnliche Marathonl\u00e4ufer schon zur Jubelpose ansetzt, waren f\u00fcr uns\nnoch 8 km zu laufen. Genau bei der Unterquerung der Hochspannungsleitung hinter\nZwintsch\u00f6na befindet sich die Marathonmarke. Naja Bestzeit war es nicht, aber\nOptimismus machte sich breit. Irgendwann kam ich in Reideburg an. Jonny und Uwe\nwaren noch da. Und Torstens Eltern mit dem Essen auf R\u00e4dern. Das ist wiederum\nso eine Geschichte, die dieser Lauf schreibt. Da kommen sie am Sonntagmittag\nvon Schkopau hierher gefahren, um 6 L\u00e4ufern warmen Tee, Kuchen und andere\nK\u00f6stlichkeiten in liebevoller Zubereitung zu servieren. Das ist nicht\nselbstverst\u00e4ndlich, und wir wussten es zu w\u00fcrdigen.<\/p>\n\n\n\n<figure class=\"wp-block-image\"><img decoding=\"async\" width=\"1000\" height=\"750\" data-src=\"http:\/\/laufgruppe-lvb.bplaced.net\/wordpress\/wp-content\/uploads\/2019\/02\/021_VP2_klein.jpg\" alt=\"\" class=\"wp-image-7446 lazyload\" data-srcset=\"https:\/\/laufgruppe-lvb.bplaced.net\/wordpress\/wp-content\/uploads\/2019\/02\/021_VP2_klein.jpg 1000w, https:\/\/laufgruppe-lvb.bplaced.net\/wordpress\/wp-content\/uploads\/2019\/02\/021_VP2_klein-300x225.jpg 300w, https:\/\/laufgruppe-lvb.bplaced.net\/wordpress\/wp-content\/uploads\/2019\/02\/021_VP2_klein-768x576.jpg 768w, https:\/\/laufgruppe-lvb.bplaced.net\/wordpress\/wp-content\/uploads\/2019\/02\/021_VP2_klein-45x35.jpg 45w\" data-sizes=\"(max-width: 1000px) 100vw, 1000px\" src=\"data:image\/svg+xml;base64,PHN2ZyB3aWR0aD0iMSIgaGVpZ2h0PSIxIiB4bWxucz0iaHR0cDovL3d3dy53My5vcmcvMjAwMC9zdmciPjwvc3ZnPg==\" style=\"--smush-placeholder-width: 1000px; --smush-placeholder-aspect-ratio: 1000\/750;\" \/><figcaption> Wer bei \u201eRund um Halle\u201c mitl\u00e4uft muss nicht hungern <\/figcaption><\/figure>\n\n\n\n<div class=\"wp-block-image\"><figure class=\"aligncenter\"><img decoding=\"async\" width=\"750\" height=\"1000\" data-src=\"http:\/\/laufgruppe-lvb.bplaced.net\/wordpress\/wp-content\/uploads\/2019\/02\/048_M\u00f6tzlich_Ortsschild_Jonny_Uwe_Dieter_klein.jpg\" alt=\"\" class=\"wp-image-7448 lazyload\" data-srcset=\"https:\/\/laufgruppe-lvb.bplaced.net\/wordpress\/wp-content\/uploads\/2019\/02\/048_M\u00f6tzlich_Ortsschild_Jonny_Uwe_Dieter_klein.jpg 750w, https:\/\/laufgruppe-lvb.bplaced.net\/wordpress\/wp-content\/uploads\/2019\/02\/048_M\u00f6tzlich_Ortsschild_Jonny_Uwe_Dieter_klein-225x300.jpg 225w\" data-sizes=\"(max-width: 750px) 100vw, 750px\" src=\"data:image\/svg+xml;base64,PHN2ZyB3aWR0aD0iMSIgaGVpZ2h0PSIxIiB4bWxucz0iaHR0cDovL3d3dy53My5vcmcvMjAwMC9zdmciPjwvc3ZnPg==\" style=\"--smush-placeholder-width: 750px; --smush-placeholder-aspect-ratio: 750\/1000;\" \/><figcaption> Noch 500 m bis zum Ziel an der Kirche <\/figcaption><\/figure><\/div>\n\n\n\n<p>Die Schlussetappe nahmen wir als Dreiertrupp mit Radbegleitung in\nAngriff. Die Pflasterstra\u00dfe nach Stichelsdorf wird wohl in 100 Jahren noch\nnicht asphaltiert sein, aber das ist gut so. Kommen wenigstens keine Autos. Und\nzumindest solange wie es diesen Lauf noch gibt, geh\u00f6rt diese Stra\u00dfe einfach\ndazu. Es gibt ja L\u00e4ufer, die selbst nach 45 km noch gut auf den Katzenk\u00f6pfen\nlaufen k\u00f6nnen. <\/p>\n\n\n\n<p>Dann der erhebende\nAugenblick: Es ist vollbracht. Wer genau hinschaut, kann auf dem Ortsschild\neinen Aufkleber Markkleeberger Lok-Leipzig-Fans entdecken. Wir waren es nicht.<\/p>\n\n\n\n<p style=\"text-align:left\">Wir zelebrierten unsern Zieleinlauf mit dem Verzehr der Zielpr\u00e4mie, die Uwe wieder ausgelobt hatte. Der Spruch des Tages kam aber vom Radfahrer Wolfgang: \u201eIch werde morgen einen ziemlichen Muskelkater haben\u201c. Dem konnte niemand etwas hinzuf\u00fcgen. Die Frage, warum ich mein Auto in M\u00f6tzlich geparkt hatte, war jetzt auch beantwortet. Ich hatte ja vorher nicht behauptet: \u201eNiemand hat vor, Halle zu umrunden\u201c.<\/p>\n\n\n\n<figure class=\"wp-block-image\"><img decoding=\"async\" width=\"1024\" height=\"768\" data-src=\"http:\/\/laufgruppe-lvb.bplaced.net\/wordpress\/wp-content\/uploads\/2019\/02\/068_M\u00f6tzlich_Zielpr\u00e4mie-1024x768.jpg\" alt=\"\" class=\"wp-image-7449 lazyload\" data-srcset=\"https:\/\/laufgruppe-lvb.bplaced.net\/wordpress\/wp-content\/uploads\/2019\/02\/068_M\u00f6tzlich_Zielpr\u00e4mie-1024x768.jpg 1024w, https:\/\/laufgruppe-lvb.bplaced.net\/wordpress\/wp-content\/uploads\/2019\/02\/068_M\u00f6tzlich_Zielpr\u00e4mie-300x225.jpg 300w, https:\/\/laufgruppe-lvb.bplaced.net\/wordpress\/wp-content\/uploads\/2019\/02\/068_M\u00f6tzlich_Zielpr\u00e4mie-768x576.jpg 768w, https:\/\/laufgruppe-lvb.bplaced.net\/wordpress\/wp-content\/uploads\/2019\/02\/068_M\u00f6tzlich_Zielpr\u00e4mie-45x35.jpg 45w, https:\/\/laufgruppe-lvb.bplaced.net\/wordpress\/wp-content\/uploads\/2019\/02\/068_M\u00f6tzlich_Zielpr\u00e4mie.jpg 1600w\" data-sizes=\"(max-width: 1024px) 100vw, 1024px\" src=\"data:image\/svg+xml;base64,PHN2ZyB3aWR0aD0iMSIgaGVpZ2h0PSIxIiB4bWxucz0iaHR0cDovL3d3dy53My5vcmcvMjAwMC9zdmciPjwvc3ZnPg==\" style=\"--smush-placeholder-width: 1024px; --smush-placeholder-aspect-ratio: 1024\/768;\" \/><figcaption> Die Zielpr\u00e4mie gesponsert von Uwe <\/figcaption><\/figure>\n\n\n\n<div class=\"wp-block-image\"><figure class=\"aligncenter\"><img decoding=\"async\" width=\"768\" height=\"1024\" data-src=\"http:\/\/laufgruppe-lvb.bplaced.net\/wordpress\/wp-content\/uploads\/2019\/02\/060_M\u00f6tzlich_Zielbild_klein-768x1024.jpg\" alt=\"\" class=\"wp-image-7450 lazyload\" data-srcset=\"https:\/\/laufgruppe-lvb.bplaced.net\/wordpress\/wp-content\/uploads\/2019\/02\/060_M\u00f6tzlich_Zielbild_klein-768x1024.jpg 768w, https:\/\/laufgruppe-lvb.bplaced.net\/wordpress\/wp-content\/uploads\/2019\/02\/060_M\u00f6tzlich_Zielbild_klein-225x300.jpg 225w, https:\/\/laufgruppe-lvb.bplaced.net\/wordpress\/wp-content\/uploads\/2019\/02\/060_M\u00f6tzlich_Zielbild_klein.jpg 1000w\" data-sizes=\"(max-width: 768px) 100vw, 768px\" src=\"data:image\/svg+xml;base64,PHN2ZyB3aWR0aD0iMSIgaGVpZ2h0PSIxIiB4bWxucz0iaHR0cDovL3d3dy53My5vcmcvMjAwMC9zdmciPjwvc3ZnPg==\" style=\"--smush-placeholder-width: 768px; --smush-placeholder-aspect-ratio: 768\/1024;\" \/><figcaption> Im Ziel genauso gut drauf wie am Start, Marcus auf dem symbolischen RuH-Finisher-Stein <\/figcaption><\/figure><\/div>\n\n\n\n<p style=\"text-align:center\"><strong>Die Halle-Umrunder 2019<\/strong><\/p>\n\n\n\n<div class=\"wp-block-image\"><figure class=\"aligncenter\"><img decoding=\"async\" width=\"879\" height=\"278\" data-src=\"http:\/\/laufgruppe-lvb.bplaced.net\/wordpress\/wp-content\/uploads\/2019\/02\/obere-Reihe.jpg\" alt=\"\" class=\"wp-image-7455 lazyload\" data-srcset=\"https:\/\/laufgruppe-lvb.bplaced.net\/wordpress\/wp-content\/uploads\/2019\/02\/obere-Reihe.jpg 879w, https:\/\/laufgruppe-lvb.bplaced.net\/wordpress\/wp-content\/uploads\/2019\/02\/obere-Reihe-300x95.jpg 300w, https:\/\/laufgruppe-lvb.bplaced.net\/wordpress\/wp-content\/uploads\/2019\/02\/obere-Reihe-768x243.jpg 768w\" data-sizes=\"(max-width: 879px) 100vw, 879px\" src=\"data:image\/svg+xml;base64,PHN2ZyB3aWR0aD0iMSIgaGVpZ2h0PSIxIiB4bWxucz0iaHR0cDovL3d3dy53My5vcmcvMjAwMC9zdmciPjwvc3ZnPg==\" style=\"--smush-placeholder-width: 879px; --smush-placeholder-aspect-ratio: 879\/278;\" \/><figcaption>von l.n.r.  Franzi, Jonny, Marcus, Torsten <\/figcaption><\/figure><\/div>\n\n\n\n<div class=\"wp-block-image\"><figure class=\"aligncenter\"><img decoding=\"async\" width=\"884\" height=\"288\" data-src=\"http:\/\/laufgruppe-lvb.bplaced.net\/wordpress\/wp-content\/uploads\/2019\/02\/untere-Reihe.jpg\" alt=\"\" class=\"wp-image-7456 lazyload\" data-srcset=\"https:\/\/laufgruppe-lvb.bplaced.net\/wordpress\/wp-content\/uploads\/2019\/02\/untere-Reihe.jpg 884w, https:\/\/laufgruppe-lvb.bplaced.net\/wordpress\/wp-content\/uploads\/2019\/02\/untere-Reihe-300x98.jpg 300w, https:\/\/laufgruppe-lvb.bplaced.net\/wordpress\/wp-content\/uploads\/2019\/02\/untere-Reihe-768x250.jpg 768w\" data-sizes=\"(max-width: 884px) 100vw, 884px\" src=\"data:image\/svg+xml;base64,PHN2ZyB3aWR0aD0iMSIgaGVpZ2h0PSIxIiB4bWxucz0iaHR0cDovL3d3dy53My5vcmcvMjAwMC9zdmciPjwvc3ZnPg==\" style=\"--smush-placeholder-width: 884px; --smush-placeholder-aspect-ratio: 884\/288;\" \/><figcaption> <br \/>von .l.n.r. Uwe, Dieter, J\u00fcrgen (24 km gelaufen), Wolfgang (Fahrrad, Mundi und Verpflegung)  <br \/>&nbsp;&nbsp;&nbsp;&nbsp;&nbsp;&nbsp;&nbsp;&nbsp;&nbsp;&nbsp;&nbsp;&nbsp;&nbsp;&nbsp;&nbsp;&nbsp;&nbsp;&nbsp;&nbsp;&nbsp;&nbsp;&nbsp;&nbsp;&nbsp;&nbsp;&nbsp;&nbsp;&nbsp;&nbsp;&nbsp;&nbsp;&nbsp;&nbsp;&nbsp;&nbsp;&nbsp;&nbsp;&nbsp;&nbsp;&nbsp;&nbsp;&nbsp; &nbsp;&nbsp;&nbsp;&nbsp;&nbsp;&nbsp;&nbsp;&nbsp;&nbsp;&nbsp;&nbsp;&nbsp;&nbsp;&nbsp;&nbsp;&nbsp;&nbsp;&nbsp;&nbsp;&nbsp;&nbsp;&nbsp;&nbsp;&nbsp; &nbsp;&nbsp;&nbsp;&nbsp;&nbsp;<\/figcaption><\/figure><\/div>\n\n\n\n<p>Danke den Helfern an der Strecke.<\/p>\n\n\n\n<p>Laufbericht                                                                                                                Dieter Ullrich (SG LVB Leipzig)                                                                              12.02.2019<\/p>\n\n\n\n<p style=\"text-align:center\">Strecke mit Kilometrierung<\/p>\n\n\n\n<figure class=\"wp-block-image\"><img decoding=\"async\" width=\"750\" height=\"992\" data-src=\"http:\/\/laufgruppe-lvb.bplaced.net\/wordpress\/wp-content\/uploads\/2019\/02\/RuH-Strecke_preview.jpg\" alt=\"\" class=\"wp-image-7466 lazyload\" data-srcset=\"https:\/\/laufgruppe-lvb.bplaced.net\/wordpress\/wp-content\/uploads\/2019\/02\/RuH-Strecke_preview.jpg 750w, https:\/\/laufgruppe-lvb.bplaced.net\/wordpress\/wp-content\/uploads\/2019\/02\/RuH-Strecke_preview-227x300.jpg 227w\" data-sizes=\"(max-width: 750px) 100vw, 750px\" src=\"data:image\/svg+xml;base64,PHN2ZyB3aWR0aD0iMSIgaGVpZ2h0PSIxIiB4bWxucz0iaHR0cDovL3d3dy53My5vcmcvMjAwMC9zdmciPjwvc3ZnPg==\" style=\"--smush-placeholder-width: 750px; --smush-placeholder-aspect-ratio: 750\/992;\" \/><\/figure>\n","protected":false},"excerpt":{"rendered":"<p>Schnelll\u00e4ufer Uwe Schon seit Tagen k\u00fcndigte MDR-Wetterfee Michaela Koschak den Schnelll\u00e4ufer Uwe f\u00fcr Sonntag an, ein mit hoher Geschwindigkeit sich n\u00e4herndes Tiefdruckgebiet mit viel Regen im Gep\u00e4ck. Ich am\u00fcsierte mich dar\u00fcber, dass uns am Sonntag zu \u201eRund um Halle\u201c neben unserm Uwe noch ein zweiter Schnelll\u00e4ufer mit demselben Namen begleiten sollte. Dieser sollte Sturm und stellenweise Starkregen und einzelne Gewitter bringen. Innerlich vollzog ich die bekannte Scheibenwischerbewegung, nicht wegen des Regens sondern weil ich mir die Frage stellte, ob es nichts Besseres g\u00e4be als sich unter diesen Bedingungen gesch\u00e4tzte sechs Stunden laufend um die Saalestadt zu bewegen? Ganz klar: Gab es nicht! Au\u00dferdem hatten sich zwischenzeitlich neun L\u00e4ufer und ein Radfahrer f\u00fcr die Runde angemeldet, das Verpflegungsteam stand in den Startl\u00f6chern, und alle waren hochmotiviert. Also Augen zu und durch. Auch zwei krankheitsbedingte Absagen, die wirklich glaubhaft und nicht nur billige Ausreden waren, konnten uns nicht bremsen. Mittlerweile hat sich ja alles eingespielt, die Gesichter der Starter sind fast jedes Jahr die gleichen, das Prozedere reine Routine. Man trudelt kurz vor 8:30 Uhr in M\u00f6tzlich mit dem Auto ein, trifft kurze Vorbereitungen und los geht es, nicht anders als wenn man zum Gottesdienst gehen w\u00fcrde. Die Kirche befindet sich ja gleich neben unserm Startpunkt, und Sonntag ist es auch. Allein alles was jetzt folgte, hatte nichts mit einem Kirchgang zu tun. Uwes Bemerkung was es zu bedeuten h\u00e4tte, dass ich mein Auto in M\u00f6tzlich parken w\u00fcrde, \u00fcberging ich ohne Kommentar. Zur Erkl\u00e4rung: Letztes Jahr bin ich zu J\u00fcrgen gefahren und mit ihm bei km 13 am ersten Verpflegungspunkt gestartet. Nachdem ich vor drei Jahren selbst mal mit dem Fahrrad dabei war \u2013 und unterwegs zwei Reifenpannen hatte \u2013 war diesmal Wolfgang unser Radbegleiter. Er kennt diesen Job mittlerweile aus dem Effeff, war schon bei diversen L\u00e4ufen wie \u201eRund um Leipzig\u201c und dem Soljankalauf mit dem Radl dabei. Wir hatten ihn vorgewarnt, dass der Kurs zum Radfahren eher ungeeignet w\u00e4re, aber davon l\u00e4sst sich ein gelernter Mathematikprofessor nicht abschrecken. Letztendlich war auch etwas Gl\u00fcck dabei, dass die Strecke viel besser abgetrocknet war als gedacht. Absolut p\u00fcnktlich ging das kleine Feld auf die Strecke. Es kam weniger Regen vom Himmel als erwartet. Die D\u00f6rfer am Stadtrand von Halle sind um diese Zeit wie ausgestorben. Umso \u00fcberraschender bekamen wir f\u00fcr einen &#8211; wirklich sehr kurzen &#8211; Abschnitt weibliche Laufbegleitung. Carmen aus Seeben (nicht aus Sevilla) kam uns mit ihrem winzigen H\u00fcndchen entgegen und entschied sich kurzerhand, uns ein St\u00fcck zu begleiten. Sie lief genau mein Tempo und so kamen wir ins Gespr\u00e4ch. Ich musste nur aufpassen, dass ich nicht auf ihren Pfiffi treten w\u00fcrde. Dieser kreuzte st\u00e4ndig meine Bahn und wusste gar nicht, dass er sich damit in Lebensgefahr begab. Nach reichlich 500 m wollte Carmen schon wieder umkehren. Puh lohnte sich da \u00fcberhaupt das Anziehen der Laufklamotten? Wir einigten uns darauf, dass es besser ist, kurze Strecken zu laufen als gar nicht zu laufen. Durch die Franzigmark ging es hinunter an die Saale und dort entlang der Brachwitzer Alpen zur F\u00e4hre Brachwitz. Auf der F\u00e4hre gab es musikalische Begleitung. Wolfgang holte seine Mundharmonika heraus und brachte damit etwas Licht in den grauen Morgen. Dr\u00fcben auf der andern Seite der Saale warteten schon Sybille und J\u00fcrgen mit einem Kofferraum voll Verpflegung. Die steile Rampe von der Saale hinauf auf die Hochfl\u00e4che ist immer wieder eine Herausforderung (gesch\u00e4tzte 20% Steigung). Das gr\u00f6\u00dfte Problem hatte hier aber Wolfgang. Weder seine Kraft noch seine Gangschaltung gaben es her, hier hochzufahren. Also Schiebemodus. Noch vor D\u00f6lau fanden wir uns wieder zusammen. Von nun an fuhr ich den Besenwagen. Zus\u00e4tzlich blies Uwe \u2013 das Sturmtief \u2013 heftig von vorn. Eigentlich hatte ich den Plan, 20 km sp\u00e4ter bei Laufrichtung nach Norden noch in den Genuss des R\u00fcckenwindes zu kommen. Aber das war jetzt wirklich verwegen, daran zu denken. Mein l\u00e4ngster Lauf in diesem Jahr waren 17 km. Gr\u00f6\u00dfenwahn ist die Krankheit der Zwerge. Ich f\u00fchlte mich wie ein Laufzwerg bei dem Gedanken an 50 km. Fu\u00dfballer denken ja immer von Spiel zu Spiel. Ich dachte heute von Verpflegungspunkt zu Verpflegungspunkt. Bis zum n\u00e4chsten waren es noch 10 km. Durch die D\u00f6lauer Heide lief ich ohne Blickkontakt nach vorn auf dem Bergmannsteig zum Aussichtspunkt Granauer Berg. War ein ziemlich einsames Rennen. Aber so konnte ich mich auf das Wesentliche konzentrieren, das heute darin bestand, mein eigenes Tempo zu laufen, um \u00fcberhaupt eine Minimalchance auf die volle Umrundung zu haben. In Angersdorf wurde ich schon erwartet, und es war nett von den Cracks, dass sie mir noch ein paar Muffins \u00fcbrig gelassen hatten. Inge hatte wieder Kuchen gebacken. Das l\u00e4sst sie sich nicht nehmen. Das Engagement unserer Helfer gerade bei diesen \u00e4u\u00dferen Bedingungen kann man nur loben. Uns standen nun die kraftraubenden Kilometer durch die Saaleaue bevor. J\u00fcrgen hatte zwar am Vortag die Strecke schon mal per Fahrrad erkundet und berichtet, dass er hinterher nicht mal das Fahrrad putzen musste. Trotzdem war es \u00fcberraschend, wie gut sich die endlosen Wiesen belaufen lie\u00dfen. Das hatten wir schon ganz anders erlebt wie 2011 als hier alles unter Wasser stand und wir au\u00dfen herum laufen mussten. Einigerma\u00dfen \u00fcberrascht waren wir auch an der R\u00f6pziger Br\u00fccke bei km 30, dass es hier keine Verpflegung gab. War eigentlich eingeplant. Wo war Inge? Kurz darauf kam sie angebraust. Waren wir doch tats\u00e4chlich schneller gelaufen als sie neuen Tee gekocht hatte. Trotz Verpflegung verabschiedete ich mich von den anderen. Der weiche Boden hatte viel Kraft gekostet, ich stand kurz vorm Wadenkrampf. Als Uwe dann den Spruch zitierte: \u201eEIN Ullrich kommt immer durch\u201c (Soll ich mal vor ein paar Jahren so gesagt haben), erwachte mein Kampfgeist. Und: Ich war heute der einzige Ullrich. Hatte keine Wahl. Bruder, Sohn und Neffen hatten mich im Stich gelassen. Also weiter entlang der Wei\u00dfen Elster. Vorbei am Maya Mare. Das w\u00e4re jetzt die richtige Entscheidung, hinein in den Wellnesstempel mit Saunalandschaft. Oder doch nicht? Ich konnte wieder laufen. Also lieber an der frischen Luft bleiben. Da ich den anderen gesagt hatte, sie sollten nicht auf mich warten, ich w\u00fcrde mit der Stra\u00dfenbahn zum Start-Ziel zur\u00fcckfahren, setzte ich einen kurzen Anruf an Uwe ab, um ihm mitzuteilen, dass ich doch noch komme. Er war gerade bei km 37 am vierten Verpflegungspunkt eingetroffen. Franzi, Marcus und Torsten waren schon weg als ich eintraf. Das war aber so abgesprochen. Sie sollten sich ja nicht erk\u00e4lten und waren heute wirklich unterfordert. Nach einer Tasse warmem Tee, einer Hallorenkugel und ein paar Keksen f\u00fchlte ich mich f\u00fcr die n\u00e4chste Etappe gewappnet. Jonny mit gro\u00dfem Trainingsr\u00fcckstand, Uwe der immer wei\u00df, dass das Gas rechts ist und Wolfgang als Radbegleiter nahmen mit mir die &#8211; nun ja &#8211; Hammeretappe in Angriff, die gef\u00fcrchtete Stra\u00dfe nach Reideburg ohne Fu\u00df- oder Radweg. Aber heute konnte man wenigstens den R\u00fcckenwind genie\u00dfen. Dazu gab\u2019s motivierende Spr\u00fcche wie: \u201eJetzt noch eine Montagstrainingsrunde mit Fockeberg\u201c, was so viel hei\u00dfen sollte wie \u201enur noch 13 km\u201c. Der Motivation h\u00e4tte es aber gar nicht bedurft. Ich wollte jetzt sowieso meine zehnte Halle-Umrundung vollenden. Obwohl ich mich wieder zur\u00fcckfallen lassen musste, gab es nur noch ein Ziel. Das hie\u00df M\u00f6tzlich. Wo der gew\u00f6hnliche Marathonl\u00e4ufer schon zur Jubelpose ansetzt, waren f\u00fcr uns noch 8 km zu laufen. Genau bei der Unterquerung der Hochspannungsleitung hinter Zwintsch\u00f6na befindet sich die Marathonmarke. Naja Bestzeit war es nicht, aber Optimismus machte sich breit. Irgendwann kam ich in Reideburg an. Jonny und Uwe waren noch da. Und Torstens Eltern mit dem Essen auf R\u00e4dern. Das ist wiederum so eine Geschichte, die dieser Lauf schreibt. Da kommen sie am Sonntagmittag von Schkopau hierher gefahren, um 6 L\u00e4ufern warmen Tee, Kuchen und andere K\u00f6stlichkeiten in liebevoller Zubereitung zu servieren. Das ist nicht selbstverst\u00e4ndlich, und wir wussten es zu w\u00fcrdigen. Die Schlussetappe nahmen wir als Dreiertrupp mit Radbegleitung in Angriff. Die Pflasterstra\u00dfe nach Stichelsdorf wird wohl in 100 Jahren noch nicht asphaltiert sein, aber das ist gut so. Kommen wenigstens keine Autos. Und zumindest solange wie es diesen Lauf noch gibt, geh\u00f6rt diese Stra\u00dfe einfach dazu. Es gibt ja L\u00e4ufer, die selbst nach 45 km noch gut auf den Katzenk\u00f6pfen laufen k\u00f6nnen. Dann der erhebende Augenblick: Es ist vollbracht. Wer genau hinschaut, kann auf dem Ortsschild einen Aufkleber Markkleeberger Lok-Leipzig-Fans entdecken. Wir waren es nicht. Wir zelebrierten unsern Zieleinlauf mit dem Verzehr der Zielpr\u00e4mie, die Uwe wieder ausgelobt hatte. Der Spruch des Tages kam aber vom Radfahrer Wolfgang: \u201eIch werde morgen einen ziemlichen Muskelkater haben\u201c. Dem konnte niemand etwas hinzuf\u00fcgen. Die Frage, warum ich mein Auto in M\u00f6tzlich geparkt hatte, war jetzt auch beantwortet. Ich hatte ja vorher nicht behauptet: \u201eNiemand hat vor, Halle zu umrunden\u201c. Die Halle-Umrunder 2019 Danke den Helfern an der Strecke. Laufbericht Dieter Ullrich (SG LVB Leipzig) 12.02.2019 Strecke mit Kilometrierung<\/p>\n","protected":false},"author":3,"featured_media":7426,"comment_status":"open","ping_status":"open","sticky":false,"template":"","format":"standard","meta":{"_bbp_topic_count":0,"_bbp_reply_count":0,"_bbp_total_topic_count":0,"_bbp_total_reply_count":0,"_bbp_voice_count":0,"_bbp_anonymous_reply_count":0,"_bbp_topic_count_hidden":0,"_bbp_reply_count_hidden":0,"_bbp_forum_subforum_count":0,"footnotes":""},"categories":[93],"tags":[118,162],"class_list":["post-7424","post","type-post","status-publish","format-standard","has-post-thumbnail","hentry","category-allgemeines","tag-marathon","tag-umrundungen-training"],"_links":{"self":[{"href":"https:\/\/laufgruppe-lvb.bplaced.net\/wordpress\/wp-json\/wp\/v2\/posts\/7424","targetHints":{"allow":["GET"]}}],"collection":[{"href":"https:\/\/laufgruppe-lvb.bplaced.net\/wordpress\/wp-json\/wp\/v2\/posts"}],"about":[{"href":"https:\/\/laufgruppe-lvb.bplaced.net\/wordpress\/wp-json\/wp\/v2\/types\/post"}],"author":[{"embeddable":true,"href":"https:\/\/laufgruppe-lvb.bplaced.net\/wordpress\/wp-json\/wp\/v2\/users\/3"}],"replies":[{"embeddable":true,"href":"https:\/\/laufgruppe-lvb.bplaced.net\/wordpress\/wp-json\/wp\/v2\/comments?post=7424"}],"version-history":[{"count":0,"href":"https:\/\/laufgruppe-lvb.bplaced.net\/wordpress\/wp-json\/wp\/v2\/posts\/7424\/revisions"}],"wp:featuredmedia":[{"embeddable":true,"href":"https:\/\/laufgruppe-lvb.bplaced.net\/wordpress\/wp-json\/wp\/v2\/media\/7426"}],"wp:attachment":[{"href":"https:\/\/laufgruppe-lvb.bplaced.net\/wordpress\/wp-json\/wp\/v2\/media?parent=7424"}],"wp:term":[{"taxonomy":"category","embeddable":true,"href":"https:\/\/laufgruppe-lvb.bplaced.net\/wordpress\/wp-json\/wp\/v2\/categories?post=7424"},{"taxonomy":"post_tag","embeddable":true,"href":"https:\/\/laufgruppe-lvb.bplaced.net\/wordpress\/wp-json\/wp\/v2\/tags?post=7424"}],"curies":[{"name":"wp","href":"https:\/\/api.w.org\/{rel}","templated":true}]}}